[{"@context":"https:\/\/schema.org\/","@type":"Article","@id":"https:\/\/www.livro.cz\/nase-ubytovani-je-nejlepsi\/#Article","mainEntityOfPage":"https:\/\/www.livro.cz\/nase-ubytovani-je-nejlepsi\/","headline":"Na\u0161e ubytov\u00e1n\u00ed je nejlep\u0161\u00ed","name":"Na\u0161e ubytov\u00e1n\u00ed je nejlep\u0161\u00ed","description":"Zorganizujte sv\u00e9 firemn\u00ed \u0161kolen\u00ed \u010di jinou firemn\u00ed akci u n\u00e1s. Jsme p\u0159ipraveni v\u00e1m takovou slu\u017ebu poskytnout. M\u00e1me prostory, vhodn\u00e9 pro tyto \u00fa\u010dely. U n\u00e1s se va\u0161im zam\u011bstnanc\u016fm bude l\u00edbit. Jist\u011b se jim bude l\u00e9pe naslouchat uprost\u0159ed kr\u00e1sn\u00e9 p\u0159\u00edrody ne\u017e n\u011bkde ve m\u011bst\u011b. M\u00e1te-li z\u00e1jem, ozv\u011bte se n\u00e1m. Jsme p\u0159esv\u011bd\u010deni, \u017ee se dohodneme. Ubytov\u00e1n\u00ed Prad\u011bd mus\u00edte [&hellip;]","datePublished":"2025-04-29","dateModified":"2025-04-29","author":{"@type":"Person","@id":"https:\/\/www.livro.cz\/author\/#Person","name":"","url":"https:\/\/www.livro.cz\/author\/","identifier":1,"image":{"@type":"ImageObject","@id":"https:\/\/secure.gravatar.com\/avatar\/d693d76da4b3c2905ed32515295d3c5b2b37600a891f276917d3d592948bcc60?s=96&d=mm&r=g","url":"https:\/\/secure.gravatar.com\/avatar\/d693d76da4b3c2905ed32515295d3c5b2b37600a891f276917d3d592948bcc60?s=96&d=mm&r=g","height":96,"width":96}},"publisher":{"@type":"Organization","name":"livro.cz","logo":{"@type":"ImageObject","@id":"\/logo.png","url":"\/logo.png","width":600,"height":60}},"url":"https:\/\/www.livro.cz\/nase-ubytovani-je-nejlepsi\/","wordCount":191,"articleBody":"Zorganizujte sv\u00e9 firemn\u00ed \u0161kolen\u00ed \u010di jinou firemn\u00ed akci u n\u00e1s. Jsme p\u0159ipraveni v\u00e1m takovou slu\u017ebu poskytnout. M\u00e1me prostory, vhodn\u00e9 pro tyto \u00fa\u010dely. U n\u00e1s se va\u0161im zam\u011bstnanc\u016fm bude l\u00edbit. Jist\u011b se jim bude l\u00e9pe naslouchat uprost\u0159ed kr\u00e1sn\u00e9 p\u0159\u00edrody ne\u017e n\u011bkde ve m\u011bst\u011b. M\u00e1te-li z\u00e1jem, ozv\u011bte se n\u00e1m. Jsme p\u0159esv\u011bd\u010deni, \u017ee se dohodneme. Ubytov\u00e1n\u00ed Prad\u011bd mus\u00edte m\u00edt. V\u0161ichni milovn\u00edci p\u011b\u0161\u00ed turistiky byl m\u011bli alespo\u0148 jednou nav\u0161t\u00edvit Jesen\u00edky. Poznat jedine\u010dnou p\u0159\u00edrodu. T\u00fary po okoln\u00edch kopc\u00edch v\u00e1m umo\u017en\u00ed rozhled do \u0161irok\u00e9ho okol\u00ed. Sport hotel Kurzovn\u00ed se pak postar\u00e1 o kvalitn\u00ed ubytov\u00e1n\u00ed, stravov\u00e1n\u00ed, ale i o p\u0159\u00edjemn\u011b str\u00e1ven\u00e9 ve\u010dery, t\u0159eba v na\u0161\u00ed vin\u00e1rn\u011b nebo kav\u00e1rn\u011b. Ubytov\u00e1n\u00ed Prad\u011bd&#8211; to kr\u00e1sn\u00fd odpo\u010dinek. Firemn\u00ed \u0161kolen\u00ed Sport hotel Kurzovn\u00ed m\u00e1 pochopiteln\u011b mnoho prostorn\u00fdch m\u00edstnost\u00ed a mnoh\u00e9 se hod\u00ed nap\u0159\u00edklad i pro r\u016fzn\u00e1 \u0161kolen\u00ed firem. Ubytov\u00e1n\u00ed Prad\u011bd &#8211; mysl\u00ed na v\u0161e.                                                                                                                                                                                                                                                                                                                                                                                                "},{"@context":"https:\/\/schema.org\/","@type":"BreadcrumbList","itemListElement":[{"@type":"ListItem","position":1,"name":"Na\u0161e ubytov\u00e1n\u00ed je nejlep\u0161\u00ed","item":"https:\/\/www.livro.cz\/nase-ubytovani-je-nejlepsi\/#breadcrumbitem"}]}]