[{"@context":"https:\/\/schema.org\/","@type":"Article","@id":"https:\/\/www.livro.cz\/jake-problemy-ma-v-zime-verejna-hromadna-doprava\/#Article","mainEntityOfPage":"https:\/\/www.livro.cz\/jake-problemy-ma-v-zime-verejna-hromadna-doprava\/","headline":"Jak\u00e9 probl\u00e9my m\u00e1 v zim\u011b ve\u0159ejn\u00e1 hromadn\u00e1 doprava","name":"Jak\u00e9 probl\u00e9my m\u00e1 v zim\u011b ve\u0159ejn\u00e1 hromadn\u00e1 doprava","description":"O tom, \u017ee po\u010det osobn\u00edch automobil\u016f na na\u0161ich silnic\u00edch neust\u00e1le stoup\u00e1, nen\u00ed pochyb. A je to probl\u00e9m, kter\u00fd je pot\u0159eba \u0159e\u0161it. Jako zdaleka nejvhodn\u011bj\u0161\u00ed by se zd\u00e1la podpora ve\u0159ejn\u00e9 hromadn\u00e9 dopravy, av\u0161ak i zde najdeme ur\u010dit\u00e9 probl\u00e9my, p\u0159edev\u0161\u00edm pak v\u00a0zimn\u00edm obdob\u00ed. M\u011bli bychom se tedy pod\u00edvat, co ji v\u00a0zim\u011b brzd\u00ed a pro\u010d ji zvl\u00e1\u0161t\u011b v\u00a0t\u00e9to [&hellip;]","datePublished":"2024-05-30","dateModified":"2024-05-30","author":{"@type":"Person","@id":"https:\/\/www.livro.cz\/author\/#Person","name":"","url":"https:\/\/www.livro.cz\/author\/","identifier":1,"image":{"@type":"ImageObject","@id":"https:\/\/secure.gravatar.com\/avatar\/d693d76da4b3c2905ed32515295d3c5b2b37600a891f276917d3d592948bcc60?s=96&d=mm&r=g","url":"https:\/\/secure.gravatar.com\/avatar\/d693d76da4b3c2905ed32515295d3c5b2b37600a891f276917d3d592948bcc60?s=96&d=mm&r=g","height":96,"width":96}},"publisher":{"@type":"Organization","name":"livro.cz","logo":{"@type":"ImageObject","@id":"\/logo.png","url":"\/logo.png","width":600,"height":60}},"image":{"@type":"ImageObject","@id":"https:\/\/www.livro.cz\/wp-content\/uploads\/auto31_10_7.jpg","url":"https:\/\/www.livro.cz\/wp-content\/uploads\/auto31_10_7.jpg","height":0,"width":0},"url":"https:\/\/www.livro.cz\/jake-problemy-ma-v-zime-verejna-hromadna-doprava\/","about":["Moto"],"wordCount":417,"articleBody":"O tom, \u017ee po\u010det osobn\u00edch automobil\u016f na na\u0161ich silnic\u00edch neust\u00e1le stoup\u00e1, nen\u00ed pochyb. A je to probl\u00e9m, kter\u00fd je pot\u0159eba \u0159e\u0161it. Jako zdaleka nejvhodn\u011bj\u0161\u00ed by se zd\u00e1la podpora ve\u0159ejn\u00e9 hromadn\u00e9 dopravy, av\u0161ak i zde najdeme ur\u010dit\u00e9 probl\u00e9my, p\u0159edev\u0161\u00edm pak v\u00a0zimn\u00edm obdob\u00ed. M\u011bli bychom se tedy pod\u00edvat, co ji v\u00a0zim\u011b brzd\u00ed a pro\u010d ji zvl\u00e1\u0161t\u011b v\u00a0t\u00e9to dob\u011b tolik lid\u00ed nevyu\u017e\u00edv\u00e1.\u00a0T\u00edm prvn\u00edm probl\u00e9mem je samoz\u0159ejm\u011b n\u00e1mraza, a to jak na silnic\u00edch, tak i na kolej\u00edch. Nesm\u00edme zapom\u00ednat, \u017ee autobusy jsou mnohem t\u011b\u017e\u0161\u00ed, ne\u017e osobn\u00ed automobily, a podle toho se tak\u00e9 chovaj\u00ed. Vyjet n\u011bkter\u00e9 prud\u0161\u00ed kopce pokud je n\u00e1led\u00ed pro n\u011b m\u016f\u017ee b\u00fdt v\u00a0podstat\u011b nemo\u017en\u00e9.\u00a0\u00a0Jist\u011b, m\u016f\u017eeme nam\u00edtnout, \u017ee pr\u00e1v\u011b to je jeden z\u00a0d\u016fvod\u016f, pro\u010d se silnice sol\u00ed. Ov\u0161em probl\u00e9m je, \u017ee sypa\u010di \u010dasto vyr\u00e1\u017e\u00ed sou\u010dasn\u011b nebo pozd\u011bji, ne\u017e prvn\u00ed rann\u00ed autobusy, kter\u00e9 odv\u00e1\u017e\u00ed lidi do pr\u00e1ce. Ti se tak \u010dasto nedostanou v\u010das do zam\u011bstn\u00e1n\u00ed, z\u00a0\u010deho\u017e jim vznikaj\u00ed probl\u00e9my. Plat\u00ed to zejm\u00e9na o t\u011bch, kte\u0159\u00ed \u017eij\u00ed na vesnic\u00edch, nebo\u0165 silnice ni\u017e\u0161\u00edch t\u0159\u00edd se posyp\u00e1vaj\u00ed nejpozd\u011bji. A je jasn\u00e9, \u017ee to nikdo nechce riskovat, o zna\u010dn\u011b zv\u00fd\u0161en\u00e9m riziku nehody ani nemluv\u011b.\u00a0\u00a0I vlaky maj\u00ed s\u00a0n\u00e1mrazou pot\u00ed\u017ee, jakkoliv by se to nemuselo zd\u00e1t. N\u00e1led\u00ed sni\u017euje t\u0159en\u00ed, a tak nen\u00ed divu, \u017ee brzdn\u00e1 dr\u00e1ha je nyn\u00ed mnohem del\u0161\u00ed. Pokud s\u00a0t\u00edm strojvedouc\u00ed nepo\u010d\u00edt\u00e1, pak m\u016f\u017ee doj\u00edt a\u017e ke sr\u00e1\u017ece s\u00a0jin\u00fdm vlakem. O tom, \u017ee n\u00e1mraza m\u016f\u017ee po\u0161kodit elektrick\u00e9 veden\u00ed, co\u017e znamen\u00e1, \u017ee vlak nem\u016f\u017ee vyjet, ani nemluv\u011b. A pokud se na n\u011b \u010dlov\u011bk spol\u00e9h\u00e1 jako na jedin\u00fd mo\u017en\u00fd dopravn\u00ed prost\u0159edek, je jasn\u00e9, \u017ee mu tyto v\u011bci budou vadit.\u00a0Jak ale tyto probl\u00e9my vy\u0159e\u0161it? Bohu\u017eel, p\u0159i sou\u010dasn\u00e9 \u00farovni technologi\u00ed to nen\u00ed ani zdaleka tak jednoduch\u00e9, jak by se mohlo na prvn\u00ed pohled zd\u00e1t. Bude t\u0159eba vyvinout nov\u00e9 materi\u00e1ly a nov\u00e9 postupy, abychom tuto situaci vy\u0159e\u0161ili. Bohu\u017eel, tomu zat\u00edm nejsme nijak bl\u00edzko. Nezb\u00fdv\u00e1 tedy, ne\u017e prozat\u00edm tato rizika p\u0159ijmout \u2013 nebo si po\u0159\u00eddit vlastn\u00ed automobil.                                                                                                                                                                                                                                                                                                                                                                                        4.8\/5 - (5 votes)        "},{"@context":"https:\/\/schema.org\/","@type":"BreadcrumbList","itemListElement":[{"@type":"ListItem","position":1,"name":"Jak\u00e9 probl\u00e9my m\u00e1 v zim\u011b ve\u0159ejn\u00e1 hromadn\u00e1 doprava","item":"https:\/\/www.livro.cz\/jake-problemy-ma-v-zime-verejna-hromadna-doprava\/#breadcrumbitem"}]}]