[{"@context":"https:\/\/schema.org\/","@type":"Article","@id":"https:\/\/www.livro.cz\/designovy-prvek-ktery-musite-mit-i-vy\/#Article","mainEntityOfPage":"https:\/\/www.livro.cz\/designovy-prvek-ktery-musite-mit-i-vy\/","headline":"Designov\u00fd prvek, kter\u00fd mus\u00edte m\u00edt i vy","name":"Designov\u00fd prvek, kter\u00fd mus\u00edte m\u00edt i vy","description":"Hled\u00e1te do sv\u00e9 dom\u00e1cnosti prvek, kter\u00fd by ji o\u017eivil? Mo\u017en\u00e1 byste se divili, ale takov\u00e9 prvky mohou vypadat i jako z\u00e1suvky \u010di t\u0159eba vyp\u00edna\u010de. Je tomu skute\u010dn\u011b tak, jen si p\u0159edstavte, jak by vypadala modern\u00ed dom\u00e1cnost s nov\u00fdm n\u00e1bytkem, ale star\u00fdmi z\u00e1suvkami \u010di vyp\u00edna\u010di. Jist\u011b by to nebylo nic hezk\u00e9ho. Naopak postar\u0161\u00ed dom\u00e1cnost se star\u0161\u00edm [&hellip;]","datePublished":"2023-08-26","dateModified":"2023-08-26","author":{"@type":"Person","@id":"https:\/\/www.livro.cz\/author\/#Person","name":"","url":"https:\/\/www.livro.cz\/author\/","identifier":1,"image":{"@type":"ImageObject","@id":"https:\/\/secure.gravatar.com\/avatar\/d693d76da4b3c2905ed32515295d3c5b2b37600a891f276917d3d592948bcc60?s=96&d=mm&r=g","url":"https:\/\/secure.gravatar.com\/avatar\/d693d76da4b3c2905ed32515295d3c5b2b37600a891f276917d3d592948bcc60?s=96&d=mm&r=g","height":96,"width":96}},"publisher":{"@type":"Organization","name":"livro.cz","logo":{"@type":"ImageObject","@id":"\/logo.png","url":"\/logo.png","width":600,"height":60}},"url":"https:\/\/www.livro.cz\/designovy-prvek-ktery-musite-mit-i-vy\/","wordCount":227,"articleBody":"Hled\u00e1te do sv\u00e9 dom\u00e1cnosti prvek, kter\u00fd by ji o\u017eivil? Mo\u017en\u00e1 byste se divili, ale takov\u00e9 prvky mohou vypadat i jako z\u00e1suvky \u010di t\u0159eba vyp\u00edna\u010de. Je tomu skute\u010dn\u011b tak, jen si p\u0159edstavte, jak by vypadala modern\u00ed dom\u00e1cnost s nov\u00fdm n\u00e1bytkem, ale star\u00fdmi z\u00e1suvkami \u010di vyp\u00edna\u010di. Jist\u011b by to nebylo nic hezk\u00e9ho. Naopak postar\u0161\u00ed dom\u00e1cnost se star\u0161\u00edm n\u00e1bytkem by vypadala d\u00edky nov\u00fdm z\u00e1suvk\u00e1m a vyp\u00edna\u010d\u016fm skute\u010dn\u011b skv\u011ble. P\u0159esv\u011bd\u010dte se sami a objednejte si produkty z \u0159ady Schneider unica, kter\u00e9 se vyzna\u010duj\u00ed zaj\u00edmav\u00fdm designem a velmi slibn\u00fdmi cenami.Sta\u010d\u00ed si vybratNa\u0161e nab\u00eddka \u010d\u00edt\u00e1 opravdu mnoho produkt\u016f t\u00e9to \u0159ady. V samotn\u00e9 \u0159ad\u011b najdete je\u0161t\u011b dal\u0161\u00ed t\u0159i podskupiny, kter\u00e9 jsou ru\u010den\u00e9 do jednotliv\u00fdch oblast\u00ed dom\u00e1cnost\u00ed. Je tedy rozd\u00edl z\u00e1kladn\u00ed \u0159adu anebo tu luxusn\u00ed, nebo\u0165 ta luxusn\u00ed bude v\u00edce do modern\u011bj\u0161\u00edch interi\u00e9r\u016f a naopak. V\u0161e v\u0161ak st\u00e1le z\u00e1le\u017e\u00ed na rozhodnut\u00ed, kter\u00e9 sami u\u010din\u00edte. Proto nen\u00ed \u017e\u00e1dn\u00fd probl\u00e9my vyu\u017e\u00edt nejluxusn\u011bj\u0161\u00ed \u0159adu nap\u0159\u00edklad do sv\u00e9 d\u00edlny. V na\u0161\u00ed nab\u00eddce si zajist\u00e9 vyberete, a tak se p\u0159esv\u011bd\u010dte sami.                                                                                                                                                                                                                                                                                                                                                                                        4.2\/5 - (4 votes)        "},{"@context":"https:\/\/schema.org\/","@type":"BreadcrumbList","itemListElement":[{"@type":"ListItem","position":1,"name":"Designov\u00fd prvek, kter\u00fd mus\u00edte m\u00edt i vy","item":"https:\/\/www.livro.cz\/designovy-prvek-ktery-musite-mit-i-vy\/#breadcrumbitem"}]}]