[{"@context":"https:\/\/schema.org\/","@type":"Article","@id":"https:\/\/www.livro.cz\/budte-v-lete-v-klidu-v-chladnu-s-poradnou-klimatizaci\/#Article","mainEntityOfPage":"https:\/\/www.livro.cz\/budte-v-lete-v-klidu-v-chladnu-s-poradnou-klimatizaci\/","headline":"Bu\u010fte v l\u00e9t\u011b v klidu v chladnu s po\u0159\u00e1dnou klimatizac\u00ed","name":"Bu\u010fte v l\u00e9t\u011b v klidu v chladnu s po\u0159\u00e1dnou klimatizac\u00ed","description":"Takov\u00e9 mal\u00e9 za\u0159\u00edzen\u00ed a kolik toho dok\u00e1\u017ee. Od prvn\u00edch prototyp\u016f ub\u011bhla opravdu dlouh\u00e1 doba a tato za\u0159\u00edzen\u00ed se v posledn\u00edch letech u\u017e stala b\u011b\u017enou sou\u010d\u00e1st\u00ed na\u0161ich dom\u00e1cnost\u00ed. A kdy\u017e \u0159\u00edk\u00e1me b\u011b\u017enou, tak opravdu b\u011b\u017enou, \u010dili si klimatizaci m\u016f\u017ee po\u0159\u00eddit kdokoliv, kdo bydl\u00ed v b\u011b\u017en\u00e9m byt\u011b nebo klidn\u011b i rodinn\u00e9m dom\u011b. Po dlouh\u00e1 desetilet\u00ed se za\u0159\u00edzen\u00ed [&hellip;]","datePublished":"2022-02-04","dateModified":"2022-02-04","author":{"@type":"Person","@id":"https:\/\/www.livro.cz\/author\/#Person","name":"","url":"https:\/\/www.livro.cz\/author\/","identifier":1,"image":{"@type":"ImageObject","@id":"https:\/\/secure.gravatar.com\/avatar\/d693d76da4b3c2905ed32515295d3c5b2b37600a891f276917d3d592948bcc60?s=96&d=mm&r=g","url":"https:\/\/secure.gravatar.com\/avatar\/d693d76da4b3c2905ed32515295d3c5b2b37600a891f276917d3d592948bcc60?s=96&d=mm&r=g","height":96,"width":96}},"publisher":{"@type":"Organization","name":"livro.cz","logo":{"@type":"ImageObject","@id":"\/logo.png","url":"\/logo.png","width":600,"height":60}},"image":{"@type":"ImageObject","@id":"https:\/\/www.livro.cz\/wp-content\/uploads\/mu%C5%BE%20si%20%C4%8Dte%20na%20posteli.jpg","url":"https:\/\/www.livro.cz\/wp-content\/uploads\/mu%C5%BE%20si%20%C4%8Dte%20na%20posteli.jpg","height":0,"width":0},"url":"https:\/\/www.livro.cz\/budte-v-lete-v-klidu-v-chladnu-s-poradnou-klimatizaci\/","about":["N\u00e1kupy"],"wordCount":426,"articleBody":"   Takov\u00e9 mal\u00e9 za\u0159\u00edzen\u00ed a kolik toho dok\u00e1\u017ee. Od prvn\u00edch prototyp\u016f ub\u011bhla opravdu dlouh\u00e1 doba a tato za\u0159\u00edzen\u00ed se v posledn\u00edch letech u\u017e stala b\u011b\u017enou sou\u010d\u00e1st\u00ed na\u0161ich dom\u00e1cnost\u00ed. A kdy\u017e \u0159\u00edk\u00e1me b\u011b\u017enou, tak opravdu b\u011b\u017enou, \u010dili si klimatizaci m\u016f\u017ee po\u0159\u00eddit kdokoliv, kdo bydl\u00ed v b\u011b\u017en\u00e9m byt\u011b nebo klidn\u011b i rodinn\u00e9m dom\u011b.Po dlouh\u00e1 desetilet\u00ed se za\u0159\u00edzen\u00ed neust\u00e1le zdokonaluje. Nen\u00ed proto divu, \u017ee podobn\u00e1 za\u0159\u00edzen\u00ed vyr\u00e1b\u00ed mnoho r\u016fzn\u00fdch v\u00fdrobc\u016f a najdete je tedy pod r\u016fzn\u00fdmi zna\u010dkami. Prodej v\u0161ech t\u011bchto za\u0159\u00edzen\u00ed zprost\u0159edkuje firma na klimatizace Praha.S jednou jedinou firmou jste za vodou. L\u00e9pe \u0159e\u010deno, poskytne v\u00e1m v\u0161echno pot\u0159ebn\u00e9 od prvopo\u010d\u00e1te\u010dn\u00edho pl\u00e1nov\u00e1n\u00ed, p\u0159es mont\u00e1\u017e, instalaci a\u017e po kone\u010dn\u00e9 pravideln\u00e9 ro\u010dn\u00ed prohl\u00eddky. Zajist\u00ed v\u00e1m tak\u00e9 v\u0161echno kolem servisu a to jak z\u00e1ru\u010dn\u00edho, tak i poz\u00e1ru\u010dn\u00edho. Specializuj\u00ed se na v\u0161echny pr\u00e1ce v t\u00e9to oblasti, tak\u017ee pro n\u011b nebude nic probl\u00e9m. Nemus\u00edte si tedy p\u0159edem d\u011blat \u017e\u00e1dn\u00e9 starosti.U\u017e\u00edvejte si \u010dist\u00e9ho a \u010derstv\u00e9ho vzduchu ve va\u0161\u00ed dom\u00e1cnosti.V l\u00e9t\u011b p\u0159\u00edjemn\u00e9 ochlazen\u00ed na po\u017eadovanou teplotu, naopak v zim\u011b st\u00e1l\u00e1 teplota v byt\u011b i za p\u0159edpokladu, \u017ee nebudete v\u011btrat okny. Dal\u0161\u00ed velk\u00e1 v\u00fdhoda, o kter\u00e9 moc \u010dasto lid\u00e9 nev\u011bd\u00ed, dokud se klimatizac\u00ed neza\u010dnou zab\u00fdvat nebo o n\u00ed alespo\u0148 neza\u010dnou minim\u00e1ln\u011b p\u0159em\u00fd\u0161let.A\u017e posl\u00e9ze zjist\u00ed, \u017ee klimatizace jenom nechlad\u00ed, ale vzduch tak\u00e9 \u010dist\u00ed od prachu, pylu, smogu a dal\u0161\u00edch ne\u017e\u00e1douc\u00edch ne\u010distot, kter\u00e9 v ovzdu\u0161\u00ed poletuj\u00ed. Do dom\u00e1cnosti tedy p\u0159iv\u00e1d\u00ed v\u017edy vzduch \u010dist\u00fd a z\u00e1rove\u0148 nastaven\u00fd na optim\u00e1ln\u00ed teplotu, kterou jste si zvolili. To je v\u00fdhodn\u00e9 zejm\u00e9na v zim\u011b, kdy v\u011btr\u00e1me okny. Kv\u016fli tomu do bytu proud\u00ed studen\u00fd vzduch a ten tepl\u00fd vypl\u00fdtv\u00e1me p\u0159i otev\u0159en\u00ed oken. To se d\u00edt nemus\u00ed, kdy\u017e zvol\u00edte klimatizaci. Budete m\u00edt v dom\u00e1cnosti \u010derstv\u00fd vzduch, ale st\u00e1le optim\u00e1ln\u011b nastavenou teplotu.S klimatizac\u00ed se budete c\u00edtit p\u0159\u00edjemn\u011b, zvy\u0161uje komfort bydlen\u00ed. Usnadn\u00ed v\u011btr\u00e1n\u00ed, zajist\u00ed optim\u00e1ln\u00ed teplotu, kterou si zvol\u00edte, v l\u00e9t\u011b nebudete v byt\u011b um\u00edrat vedrem a z\u00e1rove\u0148 budete m\u00edt doma v\u017edy \u010dist\u00fd vzduch.                                                                                                                                                                                                                                                                                                                                                                                          2.5\/5 - (2 votes)        "},{"@context":"https:\/\/schema.org\/","@type":"BreadcrumbList","itemListElement":[{"@type":"ListItem","position":1,"name":"Bu\u010fte v l\u00e9t\u011b v klidu v chladnu s po\u0159\u00e1dnou klimatizac\u00ed","item":"https:\/\/www.livro.cz\/budte-v-lete-v-klidu-v-chladnu-s-poradnou-klimatizaci\/#breadcrumbitem"}]}]